{"id":8058,"date":"2022-07-04T14:32:35","date_gmt":"2022-07-04T12:32:35","guid":{"rendered":"https:\/\/klam.immo\/wer-ist-adrian-2\/"},"modified":"2022-07-11T13:38:39","modified_gmt":"2022-07-11T11:38:39","slug":"wer-ist-adrian-2","status":"publish","type":"post","link":"https:\/\/klam.immo\/de\/wer-ist-adrian-2\/","title":{"rendered":"Wer ist Adrian?"},"content":{"rendered":"\n<p>Adrian unterst\u00fctzt bei konzeptionellen und gestalterischen Fragen. Durch seine langj\u00e4hrige Erfahrung \u2013 auch als selbstst\u00e4ndiger Architekt\u00a0\u2013\u00a0findet er technisch optimale und kreative L\u00f6sungen.&#13;\nEr liebt es, bestehende Strukturen zu hinterfragen und daraus Neues entstehen zu lassen. Eine ausgekl\u00fcgelte Raumaufteilung und die optimale Nutzung von Licht sind f\u00fcr ihn in der Umgestaltung von R\u00e4umen zentral. Mit einer durchdachten und qualitativ hochwertigen Materialwahl rundet Adrian seine Projekte ab. Ein Meister der Gestaltung und Ausf\u00fchrung!<\/p>\n\n<figure class=\"wp-block-image size-full is-resized\"><img decoding=\"async\" src=\"https:\/\/klam.immo\/wp-content\/uploads\/2022\/07\/Adrian-Weber-e1656314937201-edited.jpg\" alt=\"\" class=\"wp-image-8091\" width=\"400\" srcset=\"https:\/\/klam.immo\/wp-content\/uploads\/2022\/07\/Adrian-Weber-e1656314937201-edited.jpg 463w, https:\/\/klam.immo\/wp-content\/uploads\/2022\/07\/Adrian-Weber-e1656314937201-edited-300x300.jpg 300w, https:\/\/klam.immo\/wp-content\/uploads\/2022\/07\/Adrian-Weber-e1656314937201-edited-150x150.jpg 150w, https:\/\/klam.immo\/wp-content\/uploads\/2022\/07\/Adrian-Weber-e1656314937201-edited-45x45.jpg 45w\" sizes=\"(max-width: 463px) 100vw, 463px\" \/><\/figure>","protected":false},"excerpt":{"rendered":"<p>Adrian unterst\u00fctzt bei konzeptionellen und gestalterischen Fragen. Durch seine langj\u00e4hrige Erfahrung \u2013 auch als selbstst\u00e4ndiger Architekt\u00a0\u2013\u00a0findet er technisch optimale und kreative L\u00f6sungen.&#13; Er liebt es, bestehende Strukturen zu hinterfragen und daraus Neues entstehen zu lassen. Eine ausgekl\u00fcgelte Raumaufteilung und die optimale Nutzung von Licht sind f\u00fcr ihn in der Umgestaltung von R\u00e4umen zentral. Mit einer &hellip;<\/p>\n<p class=\"read-more\"> <a class=\"\" href=\"https:\/\/klam.immo\/de\/wer-ist-adrian-2\/\"> <span class=\"screen-reader-text\">Wer ist Adrian?<\/span> Weiterlesen &raquo;<\/a><\/p>\n","protected":false},"author":3,"featured_media":0,"comment_status":"open","ping_status":"open","sticky":false,"template":"","format":"standard","meta":{"_acf_changed":false,"site-sidebar-layout":"default","site-content-layout":"default","ast-global-header-display":"","ast-main-header-display":"","ast-hfb-above-header-display":"","ast-hfb-below-header-display":"","ast-hfb-mobile-header-display":"","site-post-title":"","ast-breadcrumbs-content":"","ast-featured-img":"","footer-sml-layout":"","theme-transparent-header-meta":"","adv-header-id-meta":"","stick-header-meta":"","header-above-stick-meta":"","header-main-stick-meta":"","header-below-stick-meta":"","footnotes":""},"categories":[14],"tags":[],"acf":[],"yoast_head":"<!-- This site is optimized with the Yoast SEO plugin v23.5 - https:\/\/yoast.com\/wordpress\/plugins\/seo\/ -->\n<title>Wer ist Adrian? - KLAM Immobilien<\/title>\n<meta name=\"robots\" content=\"index, follow, max-snippet:-1, max-image-preview:large, max-video-preview:-1\" \/>\n<link rel=\"canonical\" href=\"https:\/\/klam.immo\/de\/wer-ist-adrian-2\/\" \/>\n<meta property=\"og:locale\" content=\"de_DE\" \/>\n<meta property=\"og:type\" content=\"article\" \/>\n<meta property=\"og:title\" content=\"Wer ist Adrian? - KLAM Immobilien\" \/>\n<meta property=\"og:description\" content=\"Adrian unterst\u00fctzt bei konzeptionellen und gestalterischen Fragen. Durch seine langj\u00e4hrige Erfahrung \u2013 auch als selbstst\u00e4ndiger Architekt\u00a0\u2013\u00a0findet er technisch optimale und kreative L\u00f6sungen.&#013; Er liebt es, bestehende Strukturen zu hinterfragen und daraus Neues entstehen zu lassen. Eine ausgekl\u00fcgelte Raumaufteilung und die optimale Nutzung von Licht sind f\u00fcr ihn in der Umgestaltung von R\u00e4umen zentral. Mit einer &hellip; Wer ist Adrian? Weiterlesen &raquo;\" \/>\n<meta property=\"og:url\" content=\"https:\/\/klam.immo\/de\/wer-ist-adrian-2\/\" \/>\n<meta property=\"og:site_name\" content=\"KLAM Immobilien\" \/>\n<meta property=\"article:publisher\" content=\"https:\/\/www.facebook.com\/klam.immo\/\" \/>\n<meta property=\"article:published_time\" content=\"2022-07-04T12:32:35+00:00\" \/>\n<meta property=\"article:modified_time\" content=\"2022-07-11T11:38:39+00:00\" \/>\n<meta property=\"og:image\" content=\"https:\/\/klam.immo\/wp-content\/uploads\/2022\/07\/Adrian-Weber-e1656314937201-edited.jpg\" \/>\n<meta name=\"author\" content=\"KLAM\" \/>\n<meta name=\"twitter:card\" content=\"summary_large_image\" \/>\n<meta name=\"twitter:label1\" content=\"Verfasst von\" \/>\n\t<meta name=\"twitter:data1\" content=\"KLAM\" \/>\n<script type=\"application\/ld+json\" class=\"yoast-schema-graph\">{\"@context\":\"https:\/\/schema.org\",\"@graph\":[{\"@type\":\"Article\",\"@id\":\"https:\/\/klam.immo\/de\/wer-ist-adrian-2\/#article\",\"isPartOf\":{\"@id\":\"https:\/\/klam.immo\/de\/wer-ist-adrian-2\/\"},\"author\":{\"name\":\"KLAM\",\"@id\":\"https:\/\/klam.immo\/de\/#\/schema\/person\/140f8928039ffdcd04b27600afb6ab43\"},\"headline\":\"Wer ist Adrian?\",\"datePublished\":\"2022-07-04T12:32:35+00:00\",\"dateModified\":\"2022-07-11T11:38:39+00:00\",\"mainEntityOfPage\":{\"@id\":\"https:\/\/klam.immo\/de\/wer-ist-adrian-2\/\"},\"wordCount\":82,\"commentCount\":0,\"publisher\":{\"@id\":\"https:\/\/klam.immo\/de\/#organization\"},\"image\":{\"@id\":\"https:\/\/klam.immo\/de\/wer-ist-adrian-2\/#primaryimage\"},\"thumbnailUrl\":\"https:\/\/klam.immo\/wp-content\/uploads\/2022\/07\/Adrian-Weber-e1656314937201-edited.jpg\",\"articleSection\":[\"Neuigkeiten\"],\"inLanguage\":\"de\",\"potentialAction\":[{\"@type\":\"CommentAction\",\"name\":\"Comment\",\"target\":[\"https:\/\/klam.immo\/de\/wer-ist-adrian-2\/#respond\"]}]},{\"@type\":\"WebPage\",\"@id\":\"https:\/\/klam.immo\/de\/wer-ist-adrian-2\/\",\"url\":\"https:\/\/klam.immo\/de\/wer-ist-adrian-2\/\",\"name\":\"Wer ist Adrian? - KLAM Immobilien\",\"isPartOf\":{\"@id\":\"https:\/\/klam.immo\/de\/#website\"},\"primaryImageOfPage\":{\"@id\":\"https:\/\/klam.immo\/de\/wer-ist-adrian-2\/#primaryimage\"},\"image\":{\"@id\":\"https:\/\/klam.immo\/de\/wer-ist-adrian-2\/#primaryimage\"},\"thumbnailUrl\":\"https:\/\/klam.immo\/wp-content\/uploads\/2022\/07\/Adrian-Weber-e1656314937201-edited.jpg\",\"datePublished\":\"2022-07-04T12:32:35+00:00\",\"dateModified\":\"2022-07-11T11:38:39+00:00\",\"breadcrumb\":{\"@id\":\"https:\/\/klam.immo\/de\/wer-ist-adrian-2\/#breadcrumb\"},\"inLanguage\":\"de\",\"potentialAction\":[{\"@type\":\"ReadAction\",\"target\":[\"https:\/\/klam.immo\/de\/wer-ist-adrian-2\/\"]}]},{\"@type\":\"ImageObject\",\"inLanguage\":\"de\",\"@id\":\"https:\/\/klam.immo\/de\/wer-ist-adrian-2\/#primaryimage\",\"url\":\"https:\/\/klam.immo\/wp-content\/uploads\/2022\/07\/Adrian-Weber-e1656314937201-edited.jpg\",\"contentUrl\":\"https:\/\/klam.immo\/wp-content\/uploads\/2022\/07\/Adrian-Weber-e1656314937201-edited.jpg\"},{\"@type\":\"BreadcrumbList\",\"@id\":\"https:\/\/klam.immo\/de\/wer-ist-adrian-2\/#breadcrumb\",\"itemListElement\":[{\"@type\":\"ListItem\",\"position\":1,\"name\":\"Startseite\",\"item\":\"https:\/\/klam.immo\/\"},{\"@type\":\"ListItem\",\"position\":2,\"name\":\"Wer ist Adrian?\"}]},{\"@type\":\"WebSite\",\"@id\":\"https:\/\/klam.immo\/de\/#website\",\"url\":\"https:\/\/klam.immo\/de\/\",\"name\":\"KLAM\",\"description\":\"immo\",\"publisher\":{\"@id\":\"https:\/\/klam.immo\/de\/#organization\"},\"potentialAction\":[{\"@type\":\"SearchAction\",\"target\":{\"@type\":\"EntryPoint\",\"urlTemplate\":\"https:\/\/klam.immo\/de\/?s={search_term_string}\"},\"query-input\":{\"@type\":\"PropertyValueSpecification\",\"valueRequired\":true,\"valueName\":\"search_term_string\"}}],\"inLanguage\":\"de\"},{\"@type\":\"Organization\",\"@id\":\"https:\/\/klam.immo\/de\/#organization\",\"name\":\"KLAM AG\",\"url\":\"https:\/\/klam.immo\/de\/\",\"logo\":{\"@type\":\"ImageObject\",\"inLanguage\":\"de\",\"@id\":\"https:\/\/klam.immo\/de\/#\/schema\/logo\/image\/\",\"url\":\"https:\/\/klam.immo\/wp-content\/uploads\/2020\/10\/iconoKlam.png\",\"contentUrl\":\"https:\/\/klam.immo\/wp-content\/uploads\/2020\/10\/iconoKlam.png\",\"width\":512,\"height\":512,\"caption\":\"KLAM AG\"},\"image\":{\"@id\":\"https:\/\/klam.immo\/de\/#\/schema\/logo\/image\/\"},\"sameAs\":[\"https:\/\/www.facebook.com\/klam.immo\/\",\"https:\/\/www.instagram.com\/klam.immo\/?hl=de\",\"https:\/\/www.linkedin.com\/company\/klam-immo\/?viewAsMember=true\"]},{\"@type\":\"Person\",\"@id\":\"https:\/\/klam.immo\/de\/#\/schema\/person\/140f8928039ffdcd04b27600afb6ab43\",\"name\":\"KLAM\",\"image\":{\"@type\":\"ImageObject\",\"inLanguage\":\"de\",\"@id\":\"https:\/\/klam.immo\/de\/#\/schema\/person\/image\/\",\"url\":\"https:\/\/secure.gravatar.com\/avatar\/1bab62aa3e29c844cf2725eec846f950?s=96&d=mm&r=g\",\"contentUrl\":\"https:\/\/secure.gravatar.com\/avatar\/1bab62aa3e29c844cf2725eec846f950?s=96&d=mm&r=g\",\"caption\":\"KLAM\"},\"sameAs\":[\"https:\/\/klam.immo\/\"],\"url\":\"https:\/\/klam.immo\/de\/author\/klam\/\"}]}<\/script>\n<!-- \/ Yoast SEO plugin. -->","yoast_head_json":{"title":"Wer ist Adrian? - KLAM Immobilien","robots":{"index":"index","follow":"follow","max-snippet":"max-snippet:-1","max-image-preview":"max-image-preview:large","max-video-preview":"max-video-preview:-1"},"canonical":"https:\/\/klam.immo\/de\/wer-ist-adrian-2\/","og_locale":"de_DE","og_type":"article","og_title":"Wer ist Adrian? - KLAM Immobilien","og_description":"Adrian unterst\u00fctzt bei konzeptionellen und gestalterischen Fragen. Durch seine langj\u00e4hrige Erfahrung \u2013 auch als selbstst\u00e4ndiger Architekt\u00a0\u2013\u00a0findet er technisch optimale und kreative L\u00f6sungen.&#13; Er liebt es, bestehende Strukturen zu hinterfragen und daraus Neues entstehen zu lassen. Eine ausgekl\u00fcgelte Raumaufteilung und die optimale Nutzung von Licht sind f\u00fcr ihn in der Umgestaltung von R\u00e4umen zentral. Mit einer &hellip; Wer ist Adrian? Weiterlesen &raquo;","og_url":"https:\/\/klam.immo\/de\/wer-ist-adrian-2\/","og_site_name":"KLAM Immobilien","article_publisher":"https:\/\/www.facebook.com\/klam.immo\/","article_published_time":"2022-07-04T12:32:35+00:00","article_modified_time":"2022-07-11T11:38:39+00:00","og_image":[{"url":"https:\/\/klam.immo\/wp-content\/uploads\/2022\/07\/Adrian-Weber-e1656314937201-edited.jpg"}],"author":"KLAM","twitter_card":"summary_large_image","twitter_misc":{"Verfasst von":"KLAM"},"schema":{"@context":"https:\/\/schema.org","@graph":[{"@type":"Article","@id":"https:\/\/klam.immo\/de\/wer-ist-adrian-2\/#article","isPartOf":{"@id":"https:\/\/klam.immo\/de\/wer-ist-adrian-2\/"},"author":{"name":"KLAM","@id":"https:\/\/klam.immo\/de\/#\/schema\/person\/140f8928039ffdcd04b27600afb6ab43"},"headline":"Wer ist Adrian?","datePublished":"2022-07-04T12:32:35+00:00","dateModified":"2022-07-11T11:38:39+00:00","mainEntityOfPage":{"@id":"https:\/\/klam.immo\/de\/wer-ist-adrian-2\/"},"wordCount":82,"commentCount":0,"publisher":{"@id":"https:\/\/klam.immo\/de\/#organization"},"image":{"@id":"https:\/\/klam.immo\/de\/wer-ist-adrian-2\/#primaryimage"},"thumbnailUrl":"https:\/\/klam.immo\/wp-content\/uploads\/2022\/07\/Adrian-Weber-e1656314937201-edited.jpg","articleSection":["Neuigkeiten"],"inLanguage":"de","potentialAction":[{"@type":"CommentAction","name":"Comment","target":["https:\/\/klam.immo\/de\/wer-ist-adrian-2\/#respond"]}]},{"@type":"WebPage","@id":"https:\/\/klam.immo\/de\/wer-ist-adrian-2\/","url":"https:\/\/klam.immo\/de\/wer-ist-adrian-2\/","name":"Wer ist Adrian? - KLAM Immobilien","isPartOf":{"@id":"https:\/\/klam.immo\/de\/#website"},"primaryImageOfPage":{"@id":"https:\/\/klam.immo\/de\/wer-ist-adrian-2\/#primaryimage"},"image":{"@id":"https:\/\/klam.immo\/de\/wer-ist-adrian-2\/#primaryimage"},"thumbnailUrl":"https:\/\/klam.immo\/wp-content\/uploads\/2022\/07\/Adrian-Weber-e1656314937201-edited.jpg","datePublished":"2022-07-04T12:32:35+00:00","dateModified":"2022-07-11T11:38:39+00:00","breadcrumb":{"@id":"https:\/\/klam.immo\/de\/wer-ist-adrian-2\/#breadcrumb"},"inLanguage":"de","potentialAction":[{"@type":"ReadAction","target":["https:\/\/klam.immo\/de\/wer-ist-adrian-2\/"]}]},{"@type":"ImageObject","inLanguage":"de","@id":"https:\/\/klam.immo\/de\/wer-ist-adrian-2\/#primaryimage","url":"https:\/\/klam.immo\/wp-content\/uploads\/2022\/07\/Adrian-Weber-e1656314937201-edited.jpg","contentUrl":"https:\/\/klam.immo\/wp-content\/uploads\/2022\/07\/Adrian-Weber-e1656314937201-edited.jpg"},{"@type":"BreadcrumbList","@id":"https:\/\/klam.immo\/de\/wer-ist-adrian-2\/#breadcrumb","itemListElement":[{"@type":"ListItem","position":1,"name":"Startseite","item":"https:\/\/klam.immo\/"},{"@type":"ListItem","position":2,"name":"Wer ist Adrian?"}]},{"@type":"WebSite","@id":"https:\/\/klam.immo\/de\/#website","url":"https:\/\/klam.immo\/de\/","name":"KLAM","description":"immo","publisher":{"@id":"https:\/\/klam.immo\/de\/#organization"},"potentialAction":[{"@type":"SearchAction","target":{"@type":"EntryPoint","urlTemplate":"https:\/\/klam.immo\/de\/?s={search_term_string}"},"query-input":{"@type":"PropertyValueSpecification","valueRequired":true,"valueName":"search_term_string"}}],"inLanguage":"de"},{"@type":"Organization","@id":"https:\/\/klam.immo\/de\/#organization","name":"KLAM AG","url":"https:\/\/klam.immo\/de\/","logo":{"@type":"ImageObject","inLanguage":"de","@id":"https:\/\/klam.immo\/de\/#\/schema\/logo\/image\/","url":"https:\/\/klam.immo\/wp-content\/uploads\/2020\/10\/iconoKlam.png","contentUrl":"https:\/\/klam.immo\/wp-content\/uploads\/2020\/10\/iconoKlam.png","width":512,"height":512,"caption":"KLAM AG"},"image":{"@id":"https:\/\/klam.immo\/de\/#\/schema\/logo\/image\/"},"sameAs":["https:\/\/www.facebook.com\/klam.immo\/","https:\/\/www.instagram.com\/klam.immo\/?hl=de","https:\/\/www.linkedin.com\/company\/klam-immo\/?viewAsMember=true"]},{"@type":"Person","@id":"https:\/\/klam.immo\/de\/#\/schema\/person\/140f8928039ffdcd04b27600afb6ab43","name":"KLAM","image":{"@type":"ImageObject","inLanguage":"de","@id":"https:\/\/klam.immo\/de\/#\/schema\/person\/image\/","url":"https:\/\/secure.gravatar.com\/avatar\/1bab62aa3e29c844cf2725eec846f950?s=96&d=mm&r=g","contentUrl":"https:\/\/secure.gravatar.com\/avatar\/1bab62aa3e29c844cf2725eec846f950?s=96&d=mm&r=g","caption":"KLAM"},"sameAs":["https:\/\/klam.immo\/"],"url":"https:\/\/klam.immo\/de\/author\/klam\/"}]}},"_links":{"self":[{"href":"https:\/\/klam.immo\/de\/wp-json\/wp\/v2\/posts\/8058"}],"collection":[{"href":"https:\/\/klam.immo\/de\/wp-json\/wp\/v2\/posts"}],"about":[{"href":"https:\/\/klam.immo\/de\/wp-json\/wp\/v2\/types\/post"}],"author":[{"embeddable":true,"href":"https:\/\/klam.immo\/de\/wp-json\/wp\/v2\/users\/3"}],"replies":[{"embeddable":true,"href":"https:\/\/klam.immo\/de\/wp-json\/wp\/v2\/comments?post=8058"}],"version-history":[{"count":6,"href":"https:\/\/klam.immo\/de\/wp-json\/wp\/v2\/posts\/8058\/revisions"}],"predecessor-version":[{"id":8094,"href":"https:\/\/klam.immo\/de\/wp-json\/wp\/v2\/posts\/8058\/revisions\/8094"}],"wp:attachment":[{"href":"https:\/\/klam.immo\/de\/wp-json\/wp\/v2\/media?parent=8058"}],"wp:term":[{"taxonomy":"category","embeddable":true,"href":"https:\/\/klam.immo\/de\/wp-json\/wp\/v2\/categories?post=8058"},{"taxonomy":"post_tag","embeddable":true,"href":"https:\/\/klam.immo\/de\/wp-json\/wp\/v2\/tags?post=8058"}],"curies":[{"name":"wp","href":"https:\/\/api.w.org\/{rel}","templated":true}]}}